{"id":710,"date":"2017-07-03T17:28:28","date_gmt":"2017-07-03T16:28:28","guid":{"rendered":"http:\/\/www.cvs.fr\/?p=710"},"modified":"2017-07-03T17:29:12","modified_gmt":"2017-07-03T16:29:12","slug":"rfi-fmm-regie-de-production-radio-visuelle","status":"publish","type":"post","link":"https:\/\/www.cvs.fr\/index.php\/2017\/07\/03\/rfi-fmm-regie-de-production-radio-visuelle\/","title":{"rendered":"RFI &#8211; FMM &#8211; R\u00e9gie de production radio visuelle"},"content":{"rendered":"<p>Afin de constituer la grille de France 24 en espagnol, FMM a retenu CVS pour la mise en place d&rsquo;une r\u00e9gie radio visuelle\u00a0\u00a0sur son site d&rsquo;Issy Les Moulineaux.<\/p>\n<p>Elle a \u00e9galement confi\u00e9e \u00e0\u00a0sa filiale colombienne\u00a0France M\u00e9dias Monde Latina (FMML) la fabrication quotidienne de programmes de\u00a0t\u00e9l\u00e9vision en direct et enregistr\u00e9s qui couvriront l\u2019actualit\u00e9 internationale.<\/p>\n<p>D\u00e9marrage Antenne pr\u00e9vu pour le 18 septembre.<\/p>\n","protected":false},"excerpt":{"rendered":"<p>Afin de constituer la grille de France 24 en espagnol, FMM a retenu CVS pour la mise en place d&rsquo;une r\u00e9gie radio visuelle\u00a0\u00a0sur son site d&rsquo;Issy Les Moulineaux. Elle a \u00e9galement confi\u00e9e \u00e0\u00a0sa filiale colombienne\u00a0France M\u00e9dias Monde Latina (FMML) la fabrication quotidienne de programmes de\u00a0t\u00e9l\u00e9vision en direct et enregistr\u00e9s qui couvriront l\u2019actualit\u00e9 internationale. D\u00e9marrage Antenne pr\u00e9vu pour le 18 septembre.<\/p>\n","protected":false},"author":5,"featured_media":0,"comment_status":"open","ping_status":"open","sticky":false,"template":"","format":"standard","meta":{"sfsi_plus_gutenberg_text_before_share":"","sfsi_plus_gutenberg_show_text_before_share":"","sfsi_plus_gutenberg_icon_type":"","sfsi_plus_gutenberg_icon_alignemt":"","sfsi_plus_gutenburg_max_per_row":""},"categories":[6],"tags":[],"_links":{"self":[{"href":"https:\/\/www.cvs.fr\/index.php\/wp-json\/wp\/v2\/posts\/710"}],"collection":[{"href":"https:\/\/www.cvs.fr\/index.php\/wp-json\/wp\/v2\/posts"}],"about":[{"href":"https:\/\/www.cvs.fr\/index.php\/wp-json\/wp\/v2\/types\/post"}],"author":[{"embeddable":true,"href":"https:\/\/www.cvs.fr\/index.php\/wp-json\/wp\/v2\/users\/5"}],"replies":[{"embeddable":true,"href":"https:\/\/www.cvs.fr\/index.php\/wp-json\/wp\/v2\/comments?post=710"}],"version-history":[{"count":2,"href":"https:\/\/www.cvs.fr\/index.php\/wp-json\/wp\/v2\/posts\/710\/revisions"}],"predecessor-version":[{"id":716,"href":"https:\/\/www.cvs.fr\/index.php\/wp-json\/wp\/v2\/posts\/710\/revisions\/716"}],"wp:attachment":[{"href":"https:\/\/www.cvs.fr\/index.php\/wp-json\/wp\/v2\/media?parent=710"}],"wp:term":[{"taxonomy":"category","embeddable":true,"href":"https:\/\/www.cvs.fr\/index.php\/wp-json\/wp\/v2\/categories?post=710"},{"taxonomy":"post_tag","embeddable":true,"href":"https:\/\/www.cvs.fr\/index.php\/wp-json\/wp\/v2\/tags?post=710"}],"curies":[{"name":"wp","href":"https:\/\/api.w.org\/{rel}","templated":true}]}}