{"id":662,"date":"2017-01-10T12:58:55","date_gmt":"2017-01-10T11:58:55","guid":{"rendered":"http:\/\/www.cvs.fr\/?p=662"},"modified":"2017-04-04T15:55:52","modified_gmt":"2017-04-04T14:55:52","slug":"flashcam-le-studio-stand-up-100-automatise","status":"publish","type":"post","link":"https:\/\/www.cvs.fr\/index.php\/2017\/01\/10\/flashcam-le-studio-stand-up-100-automatise\/","title":{"rendered":"Flashcam : le studio \u00ab stand up \u00bb 100 % automatis\u00e9"},"content":{"rendered":"[fullwidth_text alt_background=\u00a0\u00bbnone\u00a0\u00bb width=\u00a0\u00bb1\/1&Prime; el_position=\u00a0\u00bbfirst last\u00a0\u00bb]\n<p class=\"p2\"><img loading=\"lazy\" class=\" wp-image-665 alignright\" src=\"https:\/\/www.cvs.fr\/wp-content\/uploads\/2017\/01\/cvs-systeme-camera-automatise-flashcam-1.png\" alt=\"Syst\u00e8me automatis\u00e9 FlashCm d\u00e9velopp\u00e9 par CVS\" width=\"164\" height=\"221\" srcset=\"https:\/\/www.cvs.fr\/wp-content\/uploads\/2017\/01\/cvs-systeme-camera-automatise-flashcam-1.png 268w, https:\/\/www.cvs.fr\/wp-content\/uploads\/2017\/01\/cvs-systeme-camera-automatise-flashcam-1-222x300.png 222w\" sizes=\"(max-width: 164px) 100vw, 164px\" \/>Le <strong>FlashCam est un syst\u00e8me automatis\u00e9<\/strong> permettant aux journalistes de r\u00e9aliser une captation plateau de fa\u00e7on autonome, sans assistance technique, depuis une interface simplifi\u00e9e comme par exemple une tablette.<\/p>\n<p class=\"p3\">A l\u2019aide de son badge entreprise ou d\u2019un <strong>smartphone \u00e9quip\u00e9 NFC<\/strong>, le journaliste est invit\u00e9 \u00e0 <em>badger<\/em> sur une borne ou \u00e0 l\u2019entr\u00e9e du plateau Flashcam. S\u2019il est autoris\u00e9 \u00e0 utiliser l\u2019installation, l\u2019interface lui propose de s\u00e9lectionner le mode d\u2019enregistrement. Le premier mode utilise un arri\u00e8re-plan classique sans fond d\u2019incrustation. Apr\u00e8s avoir s\u00e9lectionn\u00e9 ce mode, le plateau d\u00e9marre : la <strong>cam\u00e9ra se positionne automatiquement<\/strong> \u00e0 hauteur des yeux du journaliste, l\u2019\u00e9clairage, le moniteur, le g\u00e9n\u00e9rateur de caract\u00e8res et l\u2019enregistreur s\u2019allume.<\/p>\n<p class=\"p2\"><img loading=\"lazy\" class=\" wp-image-666 alignleft\" src=\"https:\/\/www.cvs.fr\/wp-content\/uploads\/2017\/01\/cvs-systeme-camera-automatise-flashcam-2.png\" alt=\"Syst\u00e8me automatis\u00e9 FlashCam d\u00e9velopp\u00e9 par CVS - Contr\u00f4le \u00e0 distance\" width=\"236\" height=\"170\" \/>Le journaliste peut \u00e9galement <strong>retoucher les r\u00e9glages<\/strong> de cam\u00e9ras, d\u2019\u00e9clairage et de synth\u00e9 d\u2019\u00e9criture <strong>de fa\u00e7on intuitive<\/strong> gr\u00e2ce \u00e0 sa tablette. Le second mode utilise un fond d\u2019incrustation pour lequel on s\u00e9lectionne l\u2019arri\u00e8re-plan, par exemple une cam\u00e9ra fixe sur le toit d\u2019un b\u00e2timent.<\/p>\n<p class=\"p2\">Une fois la pr\u00e9paration termin\u00e9e, le journaliste peut lancer l\u2019enregistrement depuis sa tablette, celui-ci d\u00e9bute \u00e0 l\u2019issu du d\u00e9compte. Lorsque la prise est termin\u00e9e, l\u2019enregistrement peut \u00eatre arr\u00eat\u00e9 depuis la tablette ou gr\u00e2ce une p\u00e9dale au sol.<\/p>\n<p class=\"p2\"><img loading=\"lazy\" class=\" wp-image-667 alignright\" src=\"https:\/\/www.cvs.fr\/wp-content\/uploads\/2017\/01\/cvs-systeme-camera-automatise-flashcam-3.png\" alt=\"Syst\u00e8me automatis\u00e9 FlashCam d\u00e9velopp\u00e9 par CVS - Contr\u00f4le \u00e0 distance\" width=\"163\" height=\"186\" srcset=\"https:\/\/www.cvs.fr\/wp-content\/uploads\/2017\/01\/cvs-systeme-camera-automatise-flashcam-3.png 328w, https:\/\/www.cvs.fr\/wp-content\/uploads\/2017\/01\/cvs-systeme-camera-automatise-flashcam-3-263x300.png 263w\" sizes=\"(max-width: 163px) 100vw, 163px\" \/>Le Flashcam lui propose alors de visionner sa prise, si celle-ci ne convient pas, il peut en r\u00e9aliser une autre. Si la prise est correcte, il cl\u00f4ture la session, le fichier sera alors index\u00e9 et mis \u00e0 disposition sur un stockage d\u00e9fini, amovible ou centralis\u00e9.<\/p>\n<p class=\"p2\">Le Flashcam n\u2019est <strong>pas un syst\u00e8me fig\u00e9<\/strong>, il est <strong>enti\u00e8rement modulable et \u00e9volutif<\/strong> en fonction de vos besoins et de vos installations.<\/p>\n<p class=\"p2\">Le concept Flashcam a \u00e9t\u00e9 d\u00e9velopp\u00e9 par la soci\u00e9t\u00e9 <strong>CVS, Ing\u00e9nierie et int\u00e9gration audiovisuelles<\/strong>.<\/p>\n[\/fullwidth_text] [spb_video link=\u00a0\u00bbhttps:\/\/www.youtube.com\/watch?v=QJtEyPBjZ3Q\u00a0\u00bb full_width=\u00a0\u00bbyes\u00a0\u00bb width=\u00a0\u00bb1\/1&Prime; el_position=\u00a0\u00bbfirst last\u00a0\u00bb] [sf_gallery gallery_id=\u00a0\u00bb674&Prime; slider_transition=\u00a0\u00bbslide\u00a0\u00bb show_thumbs=\u00a0\u00bbyes\u00a0\u00bb autoplay=\u00a0\u00bbyes\u00a0\u00bb show_captions=\u00a0\u00bbyes\u00a0\u00bb enable_lightbox=\u00a0\u00bbyes\u00a0\u00bb width=\u00a0\u00bb1\/1&Prime; el_position=\u00a0\u00bbfirst last\u00a0\u00bb]<\/p>\n","protected":false},"excerpt":{"rendered":"<p>[fullwidth_text alt_background=\u00a0\u00bbnone\u00a0\u00bb width=\u00a0\u00bb1\/1&Prime; el_position=\u00a0\u00bbfirst last\u00a0\u00bb] Le FlashCam est un syst\u00e8me automatis\u00e9 permettant aux journalistes de r\u00e9aliser une captation plateau de fa\u00e7on autonome, sans assistance technique, depuis une interface simplifi\u00e9e comme par exemple une tablette. A l\u2019aide de son badge entreprise ou d\u2019un smartphone \u00e9quip\u00e9 NFC, le journaliste est invit\u00e9 \u00e0 badger sur une borne ou \u00e0 l\u2019entr\u00e9e du plateau Flashcam. [&hellip;]<\/p>\n","protected":false},"author":5,"featured_media":671,"comment_status":"open","ping_status":"open","sticky":false,"template":"","format":"standard","meta":{"sfsi_plus_gutenberg_text_before_share":"","sfsi_plus_gutenberg_show_text_before_share":"","sfsi_plus_gutenberg_icon_type":"","sfsi_plus_gutenberg_icon_alignemt":"","sfsi_plus_gutenburg_max_per_row":""},"categories":[10],"tags":[17,13,14,15,11,18,16,12],"_links":{"self":[{"href":"https:\/\/www.cvs.fr\/index.php\/wp-json\/wp\/v2\/posts\/662"}],"collection":[{"href":"https:\/\/www.cvs.fr\/index.php\/wp-json\/wp\/v2\/posts"}],"about":[{"href":"https:\/\/www.cvs.fr\/index.php\/wp-json\/wp\/v2\/types\/post"}],"author":[{"embeddable":true,"href":"https:\/\/www.cvs.fr\/index.php\/wp-json\/wp\/v2\/users\/5"}],"replies":[{"embeddable":true,"href":"https:\/\/www.cvs.fr\/index.php\/wp-json\/wp\/v2\/comments?post=662"}],"version-history":[{"count":12,"href":"https:\/\/www.cvs.fr\/index.php\/wp-json\/wp\/v2\/posts\/662\/revisions"}],"predecessor-version":[{"id":715,"href":"https:\/\/www.cvs.fr\/index.php\/wp-json\/wp\/v2\/posts\/662\/revisions\/715"}],"wp:featuredmedia":[{"embeddable":true,"href":"https:\/\/www.cvs.fr\/index.php\/wp-json\/wp\/v2\/media\/671"}],"wp:attachment":[{"href":"https:\/\/www.cvs.fr\/index.php\/wp-json\/wp\/v2\/media?parent=662"}],"wp:term":[{"taxonomy":"category","embeddable":true,"href":"https:\/\/www.cvs.fr\/index.php\/wp-json\/wp\/v2\/categories?post=662"},{"taxonomy":"post_tag","embeddable":true,"href":"https:\/\/www.cvs.fr\/index.php\/wp-json\/wp\/v2\/tags?post=662"}],"curies":[{"name":"wp","href":"https:\/\/api.w.org\/{rel}","templated":true}]}}