{"id":472,"date":"2016-09-16T17:57:47","date_gmt":"2016-09-16T16:57:47","guid":{"rendered":"http:\/\/www.cvs.fr\/?p=472"},"modified":"2016-11-17T11:33:33","modified_gmt":"2016-11-17T10:33:33","slug":"demenagement-dad-valem-sur-le-site-de-tdf-romainville","status":"publish","type":"post","link":"https:\/\/www.cvs.fr\/index.php\/2016\/09\/16\/demenagement-dad-valem-sur-le-site-de-tdf-romainville\/","title":{"rendered":"D\u00e9m\u00e9nagement d&rsquo;Ad Valem sur le site de TDF Romainville"},"content":{"rendered":"<p>TDF a choisi CVS pour effectuer le d\u00e9m\u00e9nagement et la cr\u00e9ation du nouveau t\u00e9l\u00e9port d\u2019Ad Valem sur son site de Romainville.<\/p>\n","protected":false},"excerpt":{"rendered":"<p>TDF a choisi CVS pour effectuer le d\u00e9m\u00e9nagement et la cr\u00e9ation du nouveau t\u00e9l\u00e9port d\u2019Ad Valem sur son site de Romainville.<\/p>\n","protected":false},"author":5,"featured_media":0,"comment_status":"open","ping_status":"open","sticky":false,"template":"","format":"standard","meta":{"sfsi_plus_gutenberg_text_before_share":"","sfsi_plus_gutenberg_show_text_before_share":"","sfsi_plus_gutenberg_icon_type":"","sfsi_plus_gutenberg_icon_alignemt":"","sfsi_plus_gutenburg_max_per_row":""},"categories":[6],"tags":[],"_links":{"self":[{"href":"https:\/\/www.cvs.fr\/index.php\/wp-json\/wp\/v2\/posts\/472"}],"collection":[{"href":"https:\/\/www.cvs.fr\/index.php\/wp-json\/wp\/v2\/posts"}],"about":[{"href":"https:\/\/www.cvs.fr\/index.php\/wp-json\/wp\/v2\/types\/post"}],"author":[{"embeddable":true,"href":"https:\/\/www.cvs.fr\/index.php\/wp-json\/wp\/v2\/users\/5"}],"replies":[{"embeddable":true,"href":"https:\/\/www.cvs.fr\/index.php\/wp-json\/wp\/v2\/comments?post=472"}],"version-history":[{"count":2,"href":"https:\/\/www.cvs.fr\/index.php\/wp-json\/wp\/v2\/posts\/472\/revisions"}],"predecessor-version":[{"id":655,"href":"https:\/\/www.cvs.fr\/index.php\/wp-json\/wp\/v2\/posts\/472\/revisions\/655"}],"wp:attachment":[{"href":"https:\/\/www.cvs.fr\/index.php\/wp-json\/wp\/v2\/media?parent=472"}],"wp:term":[{"taxonomy":"category","embeddable":true,"href":"https:\/\/www.cvs.fr\/index.php\/wp-json\/wp\/v2\/categories?post=472"},{"taxonomy":"post_tag","embeddable":true,"href":"https:\/\/www.cvs.fr\/index.php\/wp-json\/wp\/v2\/tags?post=472"}],"curies":[{"name":"wp","href":"https:\/\/api.w.org\/{rel}","templated":true}]}}