{"id":460,"date":"2015-10-15T18:37:17","date_gmt":"2015-10-15T17:37:17","guid":{"rendered":"http:\/\/www.cvs.fr\/?p=460"},"modified":"2016-11-16T11:30:54","modified_gmt":"2016-11-16T10:30:54","slug":"euronews-inaugure-son-nouveau-siege","status":"publish","type":"post","link":"https:\/\/www.cvs.fr\/index.php\/2015\/10\/15\/euronews-inaugure-son-nouveau-siege\/","title":{"rendered":"Euronews inaugure son nouveau si\u00e8ge."},"content":{"rendered":"<p>Euronews a confi\u00e9 \u00e0 CVS l\u2019ensemble de l&rsquo;int\u00e9gration de ses moyens de post-production, ses r\u00e9gies de productions et de diffusion en HD sur son nouveau si\u00e8ge de Confluence. 2013 \u2013 2015.<\/p>\n","protected":false},"excerpt":{"rendered":"<p>Euronews a confi\u00e9 \u00e0 CVS l\u2019ensemble de l&rsquo;int\u00e9gration de ses moyens de post-production, ses r\u00e9gies de productions et de diffusion en HD sur son nouveau si\u00e8ge de Confluence. 2013 \u2013 2015.<\/p>\n","protected":false},"author":5,"featured_media":0,"comment_status":"open","ping_status":"open","sticky":false,"template":"","format":"standard","meta":{"sfsi_plus_gutenberg_text_before_share":"","sfsi_plus_gutenberg_show_text_before_share":"","sfsi_plus_gutenberg_icon_type":"","sfsi_plus_gutenberg_icon_alignemt":"","sfsi_plus_gutenburg_max_per_row":""},"categories":[6],"tags":[],"_links":{"self":[{"href":"https:\/\/www.cvs.fr\/index.php\/wp-json\/wp\/v2\/posts\/460"}],"collection":[{"href":"https:\/\/www.cvs.fr\/index.php\/wp-json\/wp\/v2\/posts"}],"about":[{"href":"https:\/\/www.cvs.fr\/index.php\/wp-json\/wp\/v2\/types\/post"}],"author":[{"embeddable":true,"href":"https:\/\/www.cvs.fr\/index.php\/wp-json\/wp\/v2\/users\/5"}],"replies":[{"embeddable":true,"href":"https:\/\/www.cvs.fr\/index.php\/wp-json\/wp\/v2\/comments?post=460"}],"version-history":[{"count":1,"href":"https:\/\/www.cvs.fr\/index.php\/wp-json\/wp\/v2\/posts\/460\/revisions"}],"predecessor-version":[{"id":461,"href":"https:\/\/www.cvs.fr\/index.php\/wp-json\/wp\/v2\/posts\/460\/revisions\/461"}],"wp:attachment":[{"href":"https:\/\/www.cvs.fr\/index.php\/wp-json\/wp\/v2\/media?parent=460"}],"wp:term":[{"taxonomy":"category","embeddable":true,"href":"https:\/\/www.cvs.fr\/index.php\/wp-json\/wp\/v2\/categories?post=460"},{"taxonomy":"post_tag","embeddable":true,"href":"https:\/\/www.cvs.fr\/index.php\/wp-json\/wp\/v2\/tags?post=460"}],"curies":[{"name":"wp","href":"https:\/\/api.w.org\/{rel}","templated":true}]}}